{"id":79,"date":"2025-03-12T11:21:44","date_gmt":"2025-03-12T14:21:44","guid":{"rendered":"https:\/\/www.fusicon.com.br\/blog\/?p=79"},"modified":"2025-03-12T11:26:04","modified_gmt":"2025-03-12T14:26:04","slug":"fusivel-de-vidro-pequeno-mas-essencial-veja-como-ele-protege-seus-equipamentos","status":"publish","type":"post","link":"https:\/\/www.fusicon.com.br\/blog\/fusivel-de-vidro-pequeno-mas-essencial-veja-como-ele-protege-seus-equipamentos\/","title":{"rendered":"Fus\u00edvel de vidro: pequeno, mas essencial! Veja como ele protege seus equipamentos"},"content":{"rendered":"<span class=\"span-reading-time rt-reading-time\" style=\"display: block;\"><span class=\"rt-label rt-prefix\">Tempo de leitura: <\/span> <span class=\"rt-time\"> 3<\/span> <span class=\"rt-label rt-postfix\">minutos<\/span><\/span>\n<p class=\"has-medium-font-size\"><strong><em>Descubra como o fus\u00edvel de vidro protege seus equipamentos eletr\u00f4nicos e evita preju\u00edzos maiores. Seguran\u00e7a e efic\u00e1cia em um s\u00f3 componente.<\/em><\/strong><\/p>\n\n\n\n<p>Voc\u00ea j\u00e1 parou para pensar na import\u00e2ncia dos pequenos componentes que protegem os grandes sistemas? O <strong>fus\u00edvel de vidro<\/strong>, um item pequeno e discreto, desempenha um papel crucial na seguran\u00e7a de aparelhos eletr\u00f4nicos e el\u00e9tricos.&nbsp;<\/p>\n\n\n\n<p>Esse componente \u00e9 essencial para evitar danos maiores e custos elevados com reparos, garantindo que pequenos surtos ou sobrecargas n\u00e3o se transformem em problemas graves.<\/p>\n\n\n\n<ul class=\"wp-block-list\">\n<li><a href=\"https:\/\/www.fusicon.com.br\/blog\/fabricante-de-fusiveis-de-eletrocutamento-escolha-a-opcao-ideal-para-suas-demandas\/\">Fabricante de fus\u00edveis de eletrocutamento: escolha a op\u00e7\u00e3o ideal para suas demandas<\/a><\/li>\n\n\n\n<li><a href=\"https:\/\/www.fusicon.com.br\/blog\/fabricante-de-fusiveis-de-media-tensao-conheca-as-solucoes-da-fusicon\/\">Fabricante de fus\u00edveis de m\u00e9dia tens\u00e3o: conhe\u00e7a as solu\u00e7\u00f5es da Fusicon<\/a><\/li>\n<\/ul>\n\n\n\n<div id=\"ez-toc-container\" class=\"ez-toc-v2_0_75 counter-hierarchy ez-toc-counter ez-toc-grey ez-toc-container-direction\">\n<div class=\"ez-toc-title-container\">\n<p class=\"ez-toc-title\" style=\"cursor:inherit\">O que abordaremos neste artigo:<\/p>\n<span class=\"ez-toc-title-toggle\"><a href=\"#\" class=\"ez-toc-pull-right ez-toc-btn ez-toc-btn-xs ez-toc-btn-default ez-toc-toggle\" aria-label=\"Alternar tabela de conte\u00fado\"><span class=\"ez-toc-js-icon-con\"><span class=\"\"><span class=\"eztoc-hide\" style=\"display:none;\">Toggle<\/span><span class=\"ez-toc-icon-toggle-span\"><svg style=\"fill: #999;color:#999\" xmlns=\"http:\/\/www.w3.org\/2000\/svg\" class=\"list-377408\" width=\"20px\" height=\"20px\" viewBox=\"0 0 24 24\" fill=\"none\"><path d=\"M6 6H4v2h2V6zm14 0H8v2h12V6zM4 11h2v2H4v-2zm16 0H8v2h12v-2zM4 16h2v2H4v-2zm16 0H8v2h12v-2z\" fill=\"currentColor\"><\/path><\/svg><svg style=\"fill: #999;color:#999\" class=\"arrow-unsorted-368013\" xmlns=\"http:\/\/www.w3.org\/2000\/svg\" width=\"10px\" height=\"10px\" viewBox=\"0 0 24 24\" version=\"1.2\" baseProfile=\"tiny\"><path d=\"M18.2 9.3l-6.2-6.3-6.2 6.3c-.2.2-.3.4-.3.7s.1.5.3.7c.2.2.4.3.7.3h11c.3 0 .5-.1.7-.3.2-.2.3-.5.3-.7s-.1-.5-.3-.7zM5.8 14.7l6.2 6.3 6.2-6.3c.2-.2.3-.5.3-.7s-.1-.5-.3-.7c-.2-.2-.4-.3-.7-.3h-11c-.3 0-.5.1-.7.3-.2.2-.3.5-.3.7s.1.5.3.7z\"\/><\/svg><\/span><\/span><\/span><\/a><\/span><\/div>\n<nav><ul class='ez-toc-list ez-toc-list-level-1 ' ><li class='ez-toc-page-1 ez-toc-heading-level-2'><a class=\"ez-toc-link ez-toc-heading-1\" href=\"https:\/\/www.fusicon.com.br\/blog\/fusivel-de-vidro-pequeno-mas-essencial-veja-como-ele-protege-seus-equipamentos\/#O_que_e_um_fusivel_de_vidro\" >O que \u00e9 um fus\u00edvel de vidro?<\/a><\/li><li class='ez-toc-page-1 ez-toc-heading-level-2'><a class=\"ez-toc-link ez-toc-heading-2\" href=\"https:\/\/www.fusicon.com.br\/blog\/fusivel-de-vidro-pequeno-mas-essencial-veja-como-ele-protege-seus-equipamentos\/#Qual_a_funcao_do_fusivel_de_vidro\" >Qual a fun\u00e7\u00e3o do fus\u00edvel de vidro?<\/a><\/li><li class='ez-toc-page-1 ez-toc-heading-level-2'><a class=\"ez-toc-link ez-toc-heading-3\" href=\"https:\/\/www.fusicon.com.br\/blog\/fusivel-de-vidro-pequeno-mas-essencial-veja-como-ele-protege-seus-equipamentos\/#O_que_pode_causar_a_queima_do_fusivel\" >O que pode causar a queima do fus\u00edvel?<\/a><\/li><li class='ez-toc-page-1 ez-toc-heading-level-2'><a class=\"ez-toc-link ez-toc-heading-4\" href=\"https:\/\/www.fusicon.com.br\/blog\/fusivel-de-vidro-pequeno-mas-essencial-veja-como-ele-protege-seus-equipamentos\/#Qual_a_diferenca_para_o_fusivel_de_ceramica\" >Qual a diferen\u00e7a para o fus\u00edvel de cer\u00e2mica?<\/a><\/li><li class='ez-toc-page-1 ez-toc-heading-level-2'><a class=\"ez-toc-link ez-toc-heading-5\" href=\"https:\/\/www.fusicon.com.br\/blog\/fusivel-de-vidro-pequeno-mas-essencial-veja-como-ele-protege-seus-equipamentos\/#Onde_comprar_um_fusivel_de_vidro\" >Onde comprar um fus\u00edvel de vidro?<\/a><\/li><\/ul><\/nav><\/div>\n<h2 class=\"wp-block-heading\"><span class=\"ez-toc-section\" id=\"O_que_e_um_fusivel_de_vidro\"><\/span>O que \u00e9 um fus\u00edvel de vidro?<span class=\"ez-toc-section-end\"><\/span><\/h2>\n\n\n\n<p>O fus\u00edvel de vidro \u00e9 um <strong>dispositivo de prote\u00e7\u00e3o muito utilizado em circuitos el\u00e9tricos e eletr\u00f4nicos.&nbsp;<\/strong><\/p>\n\n\n\n<p>Com um corpo de vidro transparente, ele permite a visualiza\u00e7\u00e3o do filamento met\u00e1lico interno, que \u00e9 projetado para fundir (derreter) quando uma corrente el\u00e9trica excessiva passa por ele.&nbsp;<\/p>\n\n\n\n<p>Isso interrompe o circuito, protegendo os componentes conectados de receberem uma corrente maior que a suportada.<\/p>\n\n\n\n<h2 class=\"wp-block-heading\"><span class=\"ez-toc-section\" id=\"Qual_a_funcao_do_fusivel_de_vidro\"><\/span>Qual a fun\u00e7\u00e3o do fus\u00edvel de vidro?<span class=\"ez-toc-section-end\"><\/span><\/h2>\n\n\n\n<p>A principal fun\u00e7\u00e3o do fus\u00edvel de vidro \u00e9 <strong>proteger equipamentos e circuitos el\u00e9tricos contra sobrecargas e curtos-circuitos.&nbsp;<\/strong><\/p>\n\n\n\n<p>Ele funciona como um <strong>ponto de falha planejado<\/strong>, que sacrifica o pr\u00f3prio funcionamento para salvar outros componentes de danos irrecuper\u00e1veis, mantendo a integridade e o funcionamento seguro de sistemas el\u00e9tricos.<\/p>\n\n\n\n<h2 class=\"wp-block-heading\"><span class=\"ez-toc-section\" id=\"O_que_pode_causar_a_queima_do_fusivel\"><\/span>O que pode causar a queima do fus\u00edvel?<span class=\"ez-toc-section-end\"><\/span><\/h2>\n\n\n<div class=\"wp-block-image\">\n<figure class=\"alignright size-full is-resized\"><img loading=\"lazy\" decoding=\"async\" width=\"225\" height=\"270\" src=\"https:\/\/www.fusicon.com.br\/blog\/wp-content\/uploads\/2025\/03\/7-2-1.jpg\" alt=\"Fus\u00edvel de vidro: pequeno, mas essencial! Veja como ele protege seus equipamentos\" class=\"wp-image-81\" style=\"width:200px;height:auto\"\/><\/figure>\n<\/div>\n\n\n<p>A queima do fus\u00edvel de vidro geralmente ocorre devido a uma<strong> sobrecarga el\u00e9trica ou curto-circuito.&nbsp;<\/strong><\/p>\n\n\n\n<p>Isso pode ser causado por um<strong> aumento repentino na demanda de energia<\/strong>, um defeito em algum componente do circuito ou por uma instala\u00e7\u00e3o el\u00e9trica inadequada.&nbsp;<\/p>\n\n\n\n<p>Outras causas incluem <strong>varia\u00e7\u00f5es de tens\u00e3o na rede el\u00e9trica e o envelhecimento natural do fus\u00edvel<\/strong>, que pode torn\u00e1-lo mais suscet\u00edvel a falhas.<\/p>\n\n\n\n<h2 class=\"wp-block-heading\"><span class=\"ez-toc-section\" id=\"Qual_a_diferenca_para_o_fusivel_de_ceramica\"><\/span>Qual a diferen\u00e7a para o fus\u00edvel de cer\u00e2mica?<span class=\"ez-toc-section-end\"><\/span><\/h2>\n\n\n\n<p>Os fus\u00edveis de vidro e cer\u00e2mica diferem principalmente em <strong>termos de materiais de constru\u00e7\u00e3o e capacidade de suportar altas temperaturas.&nbsp;<\/strong><\/p>\n\n\n\n<p>Enquanto o fus\u00edvel de vidro \u00e9 feito com um tubo de vidro e filamentos met\u00e1licos vis\u00edveis, facilitando a inspe\u00e7\u00e3o visual, o fus\u00edvel de cer\u00e2mica \u00e9 constru\u00eddo com um corpo cer\u00e2mico que oferece uma maior resist\u00eancia t\u00e9rmica<strong> <\/strong>e \u00e9 ideal para aplica\u00e7\u00f5es que exigem uma prote\u00e7\u00e3o mais robusta contra altas temperaturas.<\/p>\n\n\n\n<ul class=\"wp-block-list\">\n<li><a href=\"https:\/\/www.fusicon.com.br\/blog\/fusivel-de-protecao-contra-curto-circuitos-conheca-os-produtos-da-fusicon\/\">Fus\u00edvel de prote\u00e7\u00e3o contra curto-circuitos: conhe\u00e7a os produtos da Fusicon<\/a><\/li>\n\n\n\n<li><a href=\"https:\/\/www.fusicon.com.br\/blog\/quando-escolher-os-fusiveis-de-vidro-para-sua-ligacao-eletrica\/\">Quando escolher os fus\u00edveis de vidro para sua liga\u00e7\u00e3o el\u00e9trica?<\/a><\/li>\n<\/ul>\n\n\n\n<h2 class=\"wp-block-heading\"><span class=\"ez-toc-section\" id=\"Onde_comprar_um_fusivel_de_vidro\"><\/span>Onde comprar um fus\u00edvel de vidro?<span class=\"ez-toc-section-end\"><\/span><\/h2>\n\n\n\n<p>Para adquirir fus\u00edveis de vidro de alta qualidade, a empresa<strong> <a href=\"https:\/\/www.fusicon.com.br\/\">FUSICON<\/a><\/strong> \u00e9 a escolha certa. Fundada em 2009, a FUSICON rapidamente se tornou uma refer\u00eancia no mercado de fabrica\u00e7\u00e3o de fus\u00edveis e componentes el\u00e9tricos de baixa e m\u00e9dia tens\u00e3o.\u00a0<\/p>\n\n\n\n<p>Reconhecida pela qualidade dos seus produtos, seriedade e excelente atendimento ao cliente, a empresa oferece solu\u00e7\u00f5es focadas em atender as necessidades espec\u00edficas de cada projeto, garantindo uma negocia\u00e7\u00e3o diferenciada e solu\u00e7\u00f5es eficazes.<\/p>\n\n\n\n<p>Entre em <a href=\"https:\/\/www.fusicon.com.br\/contato\">contato<\/a> conosco!<\/p>\n\n\n\n<p>O que achou do conte\u00fado? Caso tenha gostado, continue acompanhando o <a href=\"https:\/\/www.fusicon.com.br\/blog\/\">blog da FUSICON<\/a> e saiba mais informa\u00e7\u00f5es!<\/p>\n\n\n\n<p>At\u00e9 a pr\u00f3xima!<\/p>\n","protected":false},"excerpt":{"rendered":"<p><span class=\"span-reading-time rt-reading-time\" style=\"display: block;\"><span class=\"rt-label rt-prefix\">Tempo de leitura: <\/span> <span class=\"rt-time\"> 3<\/span> <span class=\"rt-label rt-postfix\">minutos<\/span><\/span>Descubra como o fus\u00edvel de vidro protege seus equipamentos eletr\u00f4nicos e evita preju\u00edzos maiores. Seguran\u00e7a e efic\u00e1cia em um s\u00f3 componente. Voc\u00ea j\u00e1 parou para pensar na import\u00e2ncia dos pequenos componentes que protegem os grandes sistemas? O fus\u00edvel de vidro,&#8230;<\/p>\n","protected":false},"author":1,"featured_media":80,"comment_status":"open","ping_status":"open","sticky":false,"template":"","format":"standard","meta":{"footnotes":""},"categories":[338],"tags":[407,410,174,178,402,170,409,398,397,396,404,414,401,419,198,194,418,238,417,413,190,222,399,400,411,403,186,406,412,415,182,408,416,405],"class_list":["post-79","post","type-post","status-publish","format-standard","has-post-thumbnail","hentry","category-fusivel-de-vidro","tag-componentes-eletricos","tag-diferenca-fusivel-vidro-ceramica","tag-distribuidor-de-fusivel-de-vidro","tag-distribuidora-de-fusivel-de-vidro","tag-equipamentos-eletricos","tag-fornecedor-de-fusivel-de-vidro","tag-fusiveis-de-alta-qualidade","tag-fusiveis-de-baixa-tensao","tag-fusiveis-de-media-tensao","tag-fusiveis-duraveis","tag-fusiveis-para-eletronicos","tag-fusivel-de-vidro","tag-fusivel-de-vidro-beneficios","tag-fusivel-de-vidro-em-guaianases","tag-fusivel-de-vidro-em-sao-paulo","tag-fusivel-de-vidro-em-sp","tag-fusivel-de-vidro-na-cidade-lider","tag-fusivel-de-vidro-na-vila-formosa","tag-fusivel-de-vidro-no-aricanduva","tag-fusivel-de-vidro-onde-comprar","tag-fusivel-de-vidro-preco","tag-fusivel-de-vidro-proximo-a-mim","tag-fusivel-de-vidro-transparencia","tag-fusivel-de-vidro-utilidade","tag-fusivel-fusicon","tag-instalacao-eletrica-segura","tag-loja-de-fusivel-de-vidro","tag-manutencao-de-circuitos","tag-prevencao-de-curto-circuito","tag-protecao-de-equipamentos","tag-revendedor-de-fusivel-de-vidro","tag-seguranca-eletrica","tag-servico-de-fusivel-de-vidro","tag-sobrecarga-eletrica"],"yoast_head":"<!-- This site is optimized with the Yoast SEO plugin v20.13 - https:\/\/yoast.com\/wordpress\/plugins\/seo\/ -->\n<title>Fus\u00edvel de vidro: pequeno, mas essencial! Veja como ele protege seus equipamentos - Fusicon<\/title>\n<meta name=\"description\" content=\"Descubra como o fus\u00edvel de vidro protege seus equipamentos eletr\u00f4nicos e evita preju\u00edzos maiores. Seguran\u00e7a e efic\u00e1cia em um s\u00f3 componente.\" \/>\n<meta name=\"robots\" content=\"index, follow, max-snippet:-1, max-image-preview:large, max-video-preview:-1\" \/>\n<link rel=\"canonical\" href=\"https:\/\/www.fusicon.com.br\/blog\/fusivel-de-vidro-pequeno-mas-essencial-veja-como-ele-protege-seus-equipamentos\/\" \/>\n<meta property=\"og:locale\" content=\"pt_BR\" \/>\n<meta property=\"og:type\" content=\"article\" \/>\n<meta property=\"og:title\" content=\"Fus\u00edvel de vidro: pequeno, mas essencial! Veja como ele protege seus equipamentos - Fusicon\" \/>\n<meta property=\"og:description\" content=\"Descubra como o fus\u00edvel de vidro protege seus equipamentos eletr\u00f4nicos e evita preju\u00edzos maiores. Seguran\u00e7a e efic\u00e1cia em um s\u00f3 componente.\" \/>\n<meta property=\"og:url\" content=\"https:\/\/www.fusicon.com.br\/blog\/fusivel-de-vidro-pequeno-mas-essencial-veja-como-ele-protege-seus-equipamentos\/\" \/>\n<meta property=\"og:site_name\" content=\"Fusicon\" \/>\n<meta property=\"article:published_time\" content=\"2025-03-12T14:21:44+00:00\" \/>\n<meta property=\"article:modified_time\" content=\"2025-03-12T14:26:04+00:00\" \/>\n<meta property=\"og:image\" content=\"https:\/\/www.fusicon.com.br\/blog\/wp-content\/uploads\/2025\/03\/7-2.jpg\" \/>\n\t<meta property=\"og:image:width\" content=\"225\" \/>\n\t<meta property=\"og:image:height\" content=\"270\" \/>\n\t<meta property=\"og:image:type\" content=\"image\/jpeg\" \/>\n<meta name=\"author\" content=\"admin\" \/>\n<meta name=\"twitter:card\" content=\"summary_large_image\" \/>\n<meta name=\"twitter:label1\" content=\"Escrito por\" \/>\n\t<meta name=\"twitter:data1\" content=\"admin\" \/>\n\t<meta name=\"twitter:label2\" content=\"Est. tempo de leitura\" \/>\n\t<meta name=\"twitter:data2\" content=\"3 minutos\" \/>\n<script type=\"application\/ld+json\" class=\"yoast-schema-graph\">{\"@context\":\"https:\/\/schema.org\",\"@graph\":[{\"@type\":\"Article\",\"@id\":\"https:\/\/www.fusicon.com.br\/blog\/fusivel-de-vidro-pequeno-mas-essencial-veja-como-ele-protege-seus-equipamentos\/#article\",\"isPartOf\":{\"@id\":\"https:\/\/www.fusicon.com.br\/blog\/fusivel-de-vidro-pequeno-mas-essencial-veja-como-ele-protege-seus-equipamentos\/\"},\"author\":{\"name\":\"admin\",\"@id\":\"https:\/\/www.fusicon.com.br\/blog\/#\/schema\/person\/835a299eb10f7c4d694e32acd355a1f4\"},\"headline\":\"Fus\u00edvel de vidro: pequeno, mas essencial! Veja como ele protege seus equipamentos\",\"datePublished\":\"2025-03-12T14:21:44+00:00\",\"dateModified\":\"2025-03-12T14:26:04+00:00\",\"mainEntityOfPage\":{\"@id\":\"https:\/\/www.fusicon.com.br\/blog\/fusivel-de-vidro-pequeno-mas-essencial-veja-como-ele-protege-seus-equipamentos\/\"},\"wordCount\":589,\"commentCount\":0,\"publisher\":{\"@id\":\"https:\/\/www.fusicon.com.br\/blog\/#organization\"},\"keywords\":[\"Componentes el\u00e9tricos\",\"Diferen\u00e7a fus\u00edvel vidro cer\u00e2mica\",\"distribuidor de fus\u00edvel de vidro\",\"distribuidora de fus\u00edvel de vidro\",\"Equipamentos el\u00e9tricos\",\"fornecedor de fus\u00edvel de vidro\",\"Fus\u00edveis de alta qualidade\",\"Fus\u00edveis de baixa tens\u00e3o\",\"Fus\u00edveis de m\u00e9dia tens\u00e3o\",\"Fus\u00edveis dur\u00e1veis\",\"Fus\u00edveis para eletr\u00f4nicos\",\"Fus\u00edvel de vidro\",\"Fus\u00edvel de vidro benef\u00edcios\",\"fus\u00edvel de vidro em Guaianases\",\"fus\u00edvel de vidro em s\u00e3o paulo\",\"fus\u00edvel de vidro em sp\",\"fus\u00edvel de vidro na Cidade l\u00edder\",\"fus\u00edvel de vidro na vila formosa\",\"fus\u00edvel de vidro no Aricanduva\",\"Fus\u00edvel de vidro onde comprar\",\"fus\u00edvel de vidro pre\u00e7o\",\"fus\u00edvel de vidro pr\u00f3ximo a mim\",\"Fus\u00edvel de vidro transpar\u00eancia\",\"Fus\u00edvel de vidro utilidade\",\"Fus\u00edvel FUSICON\",\"Instala\u00e7\u00e3o el\u00e9trica segura\",\"loja de fus\u00edvel de vidro\",\"Manuten\u00e7\u00e3o de circuitos\",\"Preven\u00e7\u00e3o de curto-circuito\",\"Prote\u00e7\u00e3o de equipamentos\",\"revendedor de fus\u00edvel de vidro\",\"Seguran\u00e7a el\u00e9trica\",\"servi\u00e7o de fus\u00edvel de vidro\",\"Sobrecarga el\u00e9trica\"],\"articleSection\":[\"Fus\u00edvel de vidro\"],\"inLanguage\":\"pt-BR\",\"potentialAction\":[{\"@type\":\"CommentAction\",\"name\":\"Comment\",\"target\":[\"https:\/\/www.fusicon.com.br\/blog\/fusivel-de-vidro-pequeno-mas-essencial-veja-como-ele-protege-seus-equipamentos\/#respond\"]}]},{\"@type\":\"WebPage\",\"@id\":\"https:\/\/www.fusicon.com.br\/blog\/fusivel-de-vidro-pequeno-mas-essencial-veja-como-ele-protege-seus-equipamentos\/\",\"url\":\"https:\/\/www.fusicon.com.br\/blog\/fusivel-de-vidro-pequeno-mas-essencial-veja-como-ele-protege-seus-equipamentos\/\",\"name\":\"Fus\u00edvel de vidro: pequeno, mas essencial! Veja como ele protege seus equipamentos - Fusicon\",\"isPartOf\":{\"@id\":\"https:\/\/www.fusicon.com.br\/blog\/#website\"},\"datePublished\":\"2025-03-12T14:21:44+00:00\",\"dateModified\":\"2025-03-12T14:26:04+00:00\",\"description\":\"Descubra como o fus\u00edvel de vidro protege seus equipamentos eletr\u00f4nicos e evita preju\u00edzos maiores. Seguran\u00e7a e efic\u00e1cia em um s\u00f3 componente.\",\"breadcrumb\":{\"@id\":\"https:\/\/www.fusicon.com.br\/blog\/fusivel-de-vidro-pequeno-mas-essencial-veja-como-ele-protege-seus-equipamentos\/#breadcrumb\"},\"inLanguage\":\"pt-BR\",\"potentialAction\":[{\"@type\":\"ReadAction\",\"target\":[\"https:\/\/www.fusicon.com.br\/blog\/fusivel-de-vidro-pequeno-mas-essencial-veja-como-ele-protege-seus-equipamentos\/\"]}]},{\"@type\":\"BreadcrumbList\",\"@id\":\"https:\/\/www.fusicon.com.br\/blog\/fusivel-de-vidro-pequeno-mas-essencial-veja-como-ele-protege-seus-equipamentos\/#breadcrumb\",\"itemListElement\":[{\"@type\":\"ListItem\",\"position\":1,\"name\":\"In\u00edcio\",\"item\":\"https:\/\/www.fusicon.com.br\/blog\/\"},{\"@type\":\"ListItem\",\"position\":2,\"name\":\"Fus\u00edvel de vidro: pequeno, mas essencial! Veja como ele protege seus equipamentos\"}]},{\"@type\":\"WebSite\",\"@id\":\"https:\/\/www.fusicon.com.br\/blog\/#website\",\"url\":\"https:\/\/www.fusicon.com.br\/blog\/\",\"name\":\"Fusicon\",\"description\":\"\",\"publisher\":{\"@id\":\"https:\/\/www.fusicon.com.br\/blog\/#organization\"},\"potentialAction\":[{\"@type\":\"SearchAction\",\"target\":{\"@type\":\"EntryPoint\",\"urlTemplate\":\"https:\/\/www.fusicon.com.br\/blog\/?s={search_term_string}\"},\"query-input\":\"required name=search_term_string\"}],\"inLanguage\":\"pt-BR\"},{\"@type\":\"Organization\",\"@id\":\"https:\/\/www.fusicon.com.br\/blog\/#organization\",\"name\":\"Fusicon\",\"url\":\"https:\/\/www.fusicon.com.br\/blog\/\",\"logo\":{\"@type\":\"ImageObject\",\"inLanguage\":\"pt-BR\",\"@id\":\"https:\/\/www.fusicon.com.br\/blog\/#\/schema\/logo\/image\/\",\"url\":\"https:\/\/www.fusicon.com.br\/blog\/wp-content\/uploads\/2023\/08\/cropped-logo-fusicon.png\",\"contentUrl\":\"https:\/\/www.fusicon.com.br\/blog\/wp-content\/uploads\/2023\/08\/cropped-logo-fusicon.png\",\"width\":249,\"height\":58,\"caption\":\"Fusicon\"},\"image\":{\"@id\":\"https:\/\/www.fusicon.com.br\/blog\/#\/schema\/logo\/image\/\"}},{\"@type\":\"Person\",\"@id\":\"https:\/\/www.fusicon.com.br\/blog\/#\/schema\/person\/835a299eb10f7c4d694e32acd355a1f4\",\"name\":\"admin\",\"image\":{\"@type\":\"ImageObject\",\"inLanguage\":\"pt-BR\",\"@id\":\"https:\/\/www.fusicon.com.br\/blog\/#\/schema\/person\/image\/\",\"url\":\"https:\/\/secure.gravatar.com\/avatar\/3813f53848958b8842eeafda91666185a90010f65ed554379b78794cde6f234a?s=96&d=mm&r=g\",\"contentUrl\":\"https:\/\/secure.gravatar.com\/avatar\/3813f53848958b8842eeafda91666185a90010f65ed554379b78794cde6f234a?s=96&d=mm&r=g\",\"caption\":\"admin\"},\"sameAs\":[\"https:\/\/www.fusicon.com.br\/blog\"],\"url\":\"https:\/\/www.fusicon.com.br\/blog\/author\/admin\/\"}]}<\/script>\n<!-- \/ Yoast SEO plugin. -->","yoast_head_json":{"title":"Fus\u00edvel de vidro: pequeno, mas essencial! Veja como ele protege seus equipamentos - Fusicon","description":"Descubra como o fus\u00edvel de vidro protege seus equipamentos eletr\u00f4nicos e evita preju\u00edzos maiores. Seguran\u00e7a e efic\u00e1cia em um s\u00f3 componente.","robots":{"index":"index","follow":"follow","max-snippet":"max-snippet:-1","max-image-preview":"max-image-preview:large","max-video-preview":"max-video-preview:-1"},"canonical":"https:\/\/www.fusicon.com.br\/blog\/fusivel-de-vidro-pequeno-mas-essencial-veja-como-ele-protege-seus-equipamentos\/","og_locale":"pt_BR","og_type":"article","og_title":"Fus\u00edvel de vidro: pequeno, mas essencial! Veja como ele protege seus equipamentos - Fusicon","og_description":"Descubra como o fus\u00edvel de vidro protege seus equipamentos eletr\u00f4nicos e evita preju\u00edzos maiores. Seguran\u00e7a e efic\u00e1cia em um s\u00f3 componente.","og_url":"https:\/\/www.fusicon.com.br\/blog\/fusivel-de-vidro-pequeno-mas-essencial-veja-como-ele-protege-seus-equipamentos\/","og_site_name":"Fusicon","article_published_time":"2025-03-12T14:21:44+00:00","article_modified_time":"2025-03-12T14:26:04+00:00","og_image":[{"width":225,"height":270,"url":"https:\/\/www.fusicon.com.br\/blog\/wp-content\/uploads\/2025\/03\/7-2.jpg","type":"image\/jpeg"}],"author":"admin","twitter_card":"summary_large_image","twitter_misc":{"Escrito por":"admin","Est. tempo de leitura":"3 minutos"},"schema":{"@context":"https:\/\/schema.org","@graph":[{"@type":"Article","@id":"https:\/\/www.fusicon.com.br\/blog\/fusivel-de-vidro-pequeno-mas-essencial-veja-como-ele-protege-seus-equipamentos\/#article","isPartOf":{"@id":"https:\/\/www.fusicon.com.br\/blog\/fusivel-de-vidro-pequeno-mas-essencial-veja-como-ele-protege-seus-equipamentos\/"},"author":{"name":"admin","@id":"https:\/\/www.fusicon.com.br\/blog\/#\/schema\/person\/835a299eb10f7c4d694e32acd355a1f4"},"headline":"Fus\u00edvel de vidro: pequeno, mas essencial! Veja como ele protege seus equipamentos","datePublished":"2025-03-12T14:21:44+00:00","dateModified":"2025-03-12T14:26:04+00:00","mainEntityOfPage":{"@id":"https:\/\/www.fusicon.com.br\/blog\/fusivel-de-vidro-pequeno-mas-essencial-veja-como-ele-protege-seus-equipamentos\/"},"wordCount":589,"commentCount":0,"publisher":{"@id":"https:\/\/www.fusicon.com.br\/blog\/#organization"},"keywords":["Componentes el\u00e9tricos","Diferen\u00e7a fus\u00edvel vidro cer\u00e2mica","distribuidor de fus\u00edvel de vidro","distribuidora de fus\u00edvel de vidro","Equipamentos el\u00e9tricos","fornecedor de fus\u00edvel de vidro","Fus\u00edveis de alta qualidade","Fus\u00edveis de baixa tens\u00e3o","Fus\u00edveis de m\u00e9dia tens\u00e3o","Fus\u00edveis dur\u00e1veis","Fus\u00edveis para eletr\u00f4nicos","Fus\u00edvel de vidro","Fus\u00edvel de vidro benef\u00edcios","fus\u00edvel de vidro em Guaianases","fus\u00edvel de vidro em s\u00e3o paulo","fus\u00edvel de vidro em sp","fus\u00edvel de vidro na Cidade l\u00edder","fus\u00edvel de vidro na vila formosa","fus\u00edvel de vidro no Aricanduva","Fus\u00edvel de vidro onde comprar","fus\u00edvel de vidro pre\u00e7o","fus\u00edvel de vidro pr\u00f3ximo a mim","Fus\u00edvel de vidro transpar\u00eancia","Fus\u00edvel de vidro utilidade","Fus\u00edvel FUSICON","Instala\u00e7\u00e3o el\u00e9trica segura","loja de fus\u00edvel de vidro","Manuten\u00e7\u00e3o de circuitos","Preven\u00e7\u00e3o de curto-circuito","Prote\u00e7\u00e3o de equipamentos","revendedor de fus\u00edvel de vidro","Seguran\u00e7a el\u00e9trica","servi\u00e7o de fus\u00edvel de vidro","Sobrecarga el\u00e9trica"],"articleSection":["Fus\u00edvel de vidro"],"inLanguage":"pt-BR","potentialAction":[{"@type":"CommentAction","name":"Comment","target":["https:\/\/www.fusicon.com.br\/blog\/fusivel-de-vidro-pequeno-mas-essencial-veja-como-ele-protege-seus-equipamentos\/#respond"]}]},{"@type":"WebPage","@id":"https:\/\/www.fusicon.com.br\/blog\/fusivel-de-vidro-pequeno-mas-essencial-veja-como-ele-protege-seus-equipamentos\/","url":"https:\/\/www.fusicon.com.br\/blog\/fusivel-de-vidro-pequeno-mas-essencial-veja-como-ele-protege-seus-equipamentos\/","name":"Fus\u00edvel de vidro: pequeno, mas essencial! Veja como ele protege seus equipamentos - Fusicon","isPartOf":{"@id":"https:\/\/www.fusicon.com.br\/blog\/#website"},"datePublished":"2025-03-12T14:21:44+00:00","dateModified":"2025-03-12T14:26:04+00:00","description":"Descubra como o fus\u00edvel de vidro protege seus equipamentos eletr\u00f4nicos e evita preju\u00edzos maiores. Seguran\u00e7a e efic\u00e1cia em um s\u00f3 componente.","breadcrumb":{"@id":"https:\/\/www.fusicon.com.br\/blog\/fusivel-de-vidro-pequeno-mas-essencial-veja-como-ele-protege-seus-equipamentos\/#breadcrumb"},"inLanguage":"pt-BR","potentialAction":[{"@type":"ReadAction","target":["https:\/\/www.fusicon.com.br\/blog\/fusivel-de-vidro-pequeno-mas-essencial-veja-como-ele-protege-seus-equipamentos\/"]}]},{"@type":"BreadcrumbList","@id":"https:\/\/www.fusicon.com.br\/blog\/fusivel-de-vidro-pequeno-mas-essencial-veja-como-ele-protege-seus-equipamentos\/#breadcrumb","itemListElement":[{"@type":"ListItem","position":1,"name":"In\u00edcio","item":"https:\/\/www.fusicon.com.br\/blog\/"},{"@type":"ListItem","position":2,"name":"Fus\u00edvel de vidro: pequeno, mas essencial! Veja como ele protege seus equipamentos"}]},{"@type":"WebSite","@id":"https:\/\/www.fusicon.com.br\/blog\/#website","url":"https:\/\/www.fusicon.com.br\/blog\/","name":"Fusicon","description":"","publisher":{"@id":"https:\/\/www.fusicon.com.br\/blog\/#organization"},"potentialAction":[{"@type":"SearchAction","target":{"@type":"EntryPoint","urlTemplate":"https:\/\/www.fusicon.com.br\/blog\/?s={search_term_string}"},"query-input":"required name=search_term_string"}],"inLanguage":"pt-BR"},{"@type":"Organization","@id":"https:\/\/www.fusicon.com.br\/blog\/#organization","name":"Fusicon","url":"https:\/\/www.fusicon.com.br\/blog\/","logo":{"@type":"ImageObject","inLanguage":"pt-BR","@id":"https:\/\/www.fusicon.com.br\/blog\/#\/schema\/logo\/image\/","url":"https:\/\/www.fusicon.com.br\/blog\/wp-content\/uploads\/2023\/08\/cropped-logo-fusicon.png","contentUrl":"https:\/\/www.fusicon.com.br\/blog\/wp-content\/uploads\/2023\/08\/cropped-logo-fusicon.png","width":249,"height":58,"caption":"Fusicon"},"image":{"@id":"https:\/\/www.fusicon.com.br\/blog\/#\/schema\/logo\/image\/"}},{"@type":"Person","@id":"https:\/\/www.fusicon.com.br\/blog\/#\/schema\/person\/835a299eb10f7c4d694e32acd355a1f4","name":"admin","image":{"@type":"ImageObject","inLanguage":"pt-BR","@id":"https:\/\/www.fusicon.com.br\/blog\/#\/schema\/person\/image\/","url":"https:\/\/secure.gravatar.com\/avatar\/3813f53848958b8842eeafda91666185a90010f65ed554379b78794cde6f234a?s=96&d=mm&r=g","contentUrl":"https:\/\/secure.gravatar.com\/avatar\/3813f53848958b8842eeafda91666185a90010f65ed554379b78794cde6f234a?s=96&d=mm&r=g","caption":"admin"},"sameAs":["https:\/\/www.fusicon.com.br\/blog"],"url":"https:\/\/www.fusicon.com.br\/blog\/author\/admin\/"}]}},"_links":{"self":[{"href":"https:\/\/www.fusicon.com.br\/blog\/wp-json\/wp\/v2\/posts\/79","targetHints":{"allow":["GET"]}}],"collection":[{"href":"https:\/\/www.fusicon.com.br\/blog\/wp-json\/wp\/v2\/posts"}],"about":[{"href":"https:\/\/www.fusicon.com.br\/blog\/wp-json\/wp\/v2\/types\/post"}],"author":[{"embeddable":true,"href":"https:\/\/www.fusicon.com.br\/blog\/wp-json\/wp\/v2\/users\/1"}],"replies":[{"embeddable":true,"href":"https:\/\/www.fusicon.com.br\/blog\/wp-json\/wp\/v2\/comments?post=79"}],"version-history":[{"count":1,"href":"https:\/\/www.fusicon.com.br\/blog\/wp-json\/wp\/v2\/posts\/79\/revisions"}],"predecessor-version":[{"id":82,"href":"https:\/\/www.fusicon.com.br\/blog\/wp-json\/wp\/v2\/posts\/79\/revisions\/82"}],"wp:featuredmedia":[{"embeddable":true,"href":"https:\/\/www.fusicon.com.br\/blog\/wp-json\/wp\/v2\/media\/80"}],"wp:attachment":[{"href":"https:\/\/www.fusicon.com.br\/blog\/wp-json\/wp\/v2\/media?parent=79"}],"wp:term":[{"taxonomy":"category","embeddable":true,"href":"https:\/\/www.fusicon.com.br\/blog\/wp-json\/wp\/v2\/categories?post=79"},{"taxonomy":"post_tag","embeddable":true,"href":"https:\/\/www.fusicon.com.br\/blog\/wp-json\/wp\/v2\/tags?post=79"}],"curies":[{"name":"wp","href":"https:\/\/api.w.org\/{rel}","templated":true}]}}