{"id":158,"date":"2026-03-06T10:16:15","date_gmt":"2026-03-06T13:16:15","guid":{"rendered":"https:\/\/www.fusicon.com.br\/blog\/?p=158"},"modified":"2026-03-06T10:17:05","modified_gmt":"2026-03-06T13:17:05","slug":"fabricante-de-fusivel-de-vidro-na-zona-leste-escolha-a-fusicon","status":"publish","type":"post","link":"https:\/\/www.fusicon.com.br\/blog\/fabricante-de-fusivel-de-vidro-na-zona-leste-escolha-a-fusicon\/","title":{"rendered":"Fabricante de fus\u00edvel de vidro na zona leste: escolha a Fusicon"},"content":{"rendered":"<span class=\"span-reading-time rt-reading-time\" style=\"display: block;\"><span class=\"rt-label rt-prefix\">Tempo de leitura: <\/span> <span class=\"rt-time\"> 4<\/span> <span class=\"rt-label rt-postfix\">minutos<\/span><\/span>\n<p class=\"has-medium-font-size\"><strong>Fabricante de fus\u00edvel de vidro na zona leste de SP. Conhe\u00e7a a Fusicon e solicite or\u00e7amento para fus\u00edveis de vidro com qualidade e seguran\u00e7a.<\/strong><\/p>\n\n\n\n<p>Fabricante de fus\u00edvel de vidro \u00e9 o parceiro ideal para empresas, ind\u00fastrias e profissionais que precisam garantir seguran\u00e7a el\u00e9trica em equipamentos e sistemas. A escolha do fornecedor impacta diretamente na confiabilidade da prote\u00e7\u00e3o contra falhas el\u00e9tricas.<\/p>\n\n\n\n<p>Os <strong>fus\u00edveis de vidro<\/strong> s\u00e3o respons\u00e1veis por interromper a corrente el\u00e9trica quando ocorre sobrecarga ou curto-circuito. Isso evita danos em equipamentos, reduz preju\u00edzos e aumenta a seguran\u00e7a dos circuitos.<\/p>\n\n\n\n<p>Para quem busca <strong>fus\u00edvel de vidro na zona leste de S\u00e3o Paulo<\/strong>, a Fusicon \u00e9 refer\u00eancia no mercado pela qualidade dos produtos, estrutura produtiva e atendimento especializado.<\/p>\n\n\n\n<ul class=\"wp-block-list\">\n<li><a href=\"https:\/\/www.fusicon.com.br\/blog\/quando-usar-um-fusivel-de-media-tensao\/\">Quando usar um fus\u00edvel de m\u00e9dia tens\u00e3o?<\/a><\/li>\n<\/ul>\n\n\n\n<div id=\"ez-toc-container\" class=\"ez-toc-v2_0_75 counter-hierarchy ez-toc-counter ez-toc-grey ez-toc-container-direction\">\n<div class=\"ez-toc-title-container\">\n<p class=\"ez-toc-title\" style=\"cursor:inherit\">O que abordaremos neste artigo:<\/p>\n<span class=\"ez-toc-title-toggle\"><a href=\"#\" class=\"ez-toc-pull-right ez-toc-btn ez-toc-btn-xs ez-toc-btn-default ez-toc-toggle\" aria-label=\"Alternar tabela de conte\u00fado\"><span class=\"ez-toc-js-icon-con\"><span class=\"\"><span class=\"eztoc-hide\" style=\"display:none;\">Toggle<\/span><span class=\"ez-toc-icon-toggle-span\"><svg style=\"fill: #999;color:#999\" xmlns=\"http:\/\/www.w3.org\/2000\/svg\" class=\"list-377408\" width=\"20px\" height=\"20px\" viewBox=\"0 0 24 24\" fill=\"none\"><path d=\"M6 6H4v2h2V6zm14 0H8v2h12V6zM4 11h2v2H4v-2zm16 0H8v2h12v-2zM4 16h2v2H4v-2zm16 0H8v2h12v-2z\" fill=\"currentColor\"><\/path><\/svg><svg style=\"fill: #999;color:#999\" class=\"arrow-unsorted-368013\" xmlns=\"http:\/\/www.w3.org\/2000\/svg\" width=\"10px\" height=\"10px\" viewBox=\"0 0 24 24\" version=\"1.2\" baseProfile=\"tiny\"><path d=\"M18.2 9.3l-6.2-6.3-6.2 6.3c-.2.2-.3.4-.3.7s.1.5.3.7c.2.2.4.3.7.3h11c.3 0 .5-.1.7-.3.2-.2.3-.5.3-.7s-.1-.5-.3-.7zM5.8 14.7l6.2 6.3 6.2-6.3c.2-.2.3-.5.3-.7s-.1-.5-.3-.7c-.2-.2-.4-.3-.7-.3h-11c-.3 0-.5.1-.7.3-.2.2-.3.5-.3.7s.1.5.3.7z\"\/><\/svg><\/span><\/span><\/span><\/a><\/span><\/div>\n<nav><ul class='ez-toc-list ez-toc-list-level-1 ' ><li class='ez-toc-page-1 ez-toc-heading-level-2'><a class=\"ez-toc-link ez-toc-heading-1\" href=\"https:\/\/www.fusicon.com.br\/blog\/fabricante-de-fusivel-de-vidro-na-zona-leste-escolha-a-fusicon\/#Por_que_comprar_de_um_fabricante_de_fusivel_de_vidro\" >Por que comprar de um fabricante de fus\u00edvel de vidro<\/a><\/li><li class='ez-toc-page-1 ez-toc-heading-level-2'><a class=\"ez-toc-link ez-toc-heading-2\" href=\"https:\/\/www.fusicon.com.br\/blog\/fabricante-de-fusivel-de-vidro-na-zona-leste-escolha-a-fusicon\/#Fusivel_de_vidro_protecao_eficiente_para_equipamentos\" >Fus\u00edvel de vidro: prote\u00e7\u00e3o eficiente para equipamentos<\/a><\/li><li class='ez-toc-page-1 ez-toc-heading-level-2'><a class=\"ez-toc-link ez-toc-heading-3\" href=\"https:\/\/www.fusicon.com.br\/blog\/fabricante-de-fusivel-de-vidro-na-zona-leste-escolha-a-fusicon\/#Onde_comprar_fusivel_de_vidro_na_zona_leste_de_SP\" >Onde comprar fus\u00edvel de vidro na zona leste de SP<\/a><\/li><li class='ez-toc-page-1 ez-toc-heading-level-2'><a class=\"ez-toc-link ez-toc-heading-4\" href=\"https:\/\/www.fusicon.com.br\/blog\/fabricante-de-fusivel-de-vidro-na-zona-leste-escolha-a-fusicon\/#Fusicon_fabricante_de_fusivel_de_vidro_com_estrutura_propria\" >Fusicon: fabricante de fus\u00edvel de vidro com estrutura pr\u00f3pria<\/a><\/li><li class='ez-toc-page-1 ez-toc-heading-level-2'><a class=\"ez-toc-link ez-toc-heading-5\" href=\"https:\/\/www.fusicon.com.br\/blog\/fabricante-de-fusivel-de-vidro-na-zona-leste-escolha-a-fusicon\/#Especificacoes_dos_fusiveis_de_vidro_da_Fusicon\" >Especifica\u00e7\u00f5es dos fus\u00edveis de vidro da Fusicon<\/a><\/li><li class='ez-toc-page-1 ez-toc-heading-level-2'><a class=\"ez-toc-link ez-toc-heading-6\" href=\"https:\/\/www.fusicon.com.br\/blog\/fabricante-de-fusivel-de-vidro-na-zona-leste-escolha-a-fusicon\/#Atendimento_em_todo_o_Brasil\" >Atendimento em todo o Brasil<\/a><\/li><li class='ez-toc-page-1 ez-toc-heading-level-2'><a class=\"ez-toc-link ez-toc-heading-7\" href=\"https:\/\/www.fusicon.com.br\/blog\/fabricante-de-fusivel-de-vidro-na-zona-leste-escolha-a-fusicon\/#Fabricante_de_fusivel_de_vidro_com_foco_em_qualidade\" >Fabricante de fus\u00edvel de vidro com foco em qualidade<\/a><\/li><\/ul><\/nav><\/div>\n<h2 class=\"wp-block-heading\"><span class=\"ez-toc-section\" id=\"Por_que_comprar_de_um_fabricante_de_fusivel_de_vidro\"><\/span><strong>Por que comprar de um fabricante de fus\u00edvel de vidro<\/strong><span class=\"ez-toc-section-end\"><\/span><\/h2>\n\n\n\n<p>O fus\u00edvel de vidro \u00e9 um componente essencial para prote\u00e7\u00e3o el\u00e9trica. Mesmo sendo pequeno, ele tem a fun\u00e7\u00e3o de proteger equipamentos contra danos causados por excesso de corrente.<\/p>\n\n\n\n<p>Esse componente \u00e9 formado por um tubo de vidro com um filamento met\u00e1lico interno. Quando a corrente ultrapassa o limite suportado, esse filamento se rompe e interrompe o circuito el\u00e9trico.<\/p>\n\n\n\n<p><strong>Esse processo evita que a corrente excessiva danifique equipamentos e sistemas el\u00e9tricos.<\/strong><\/p>\n\n\n\n<p>Por isso, adquirir produtos de um <strong>fabricante de fus\u00edvel de vidro confi\u00e1vel<\/strong> garante maior seguran\u00e7a e desempenho no funcionamento dos equipamentos.<\/p>\n\n\n\n<p>Empresas que trabalham com manuten\u00e7\u00e3o el\u00e9trica, automa\u00e7\u00e3o, eletr\u00f4nica ou ind\u00fastria dependem diretamente da qualidade desses componentes.<\/p>\n\n\n\n<h2 class=\"wp-block-heading\"><span class=\"ez-toc-section\" id=\"Fusivel_de_vidro_protecao_eficiente_para_equipamentos\"><\/span><strong>Fus\u00edvel de vidro: prote\u00e7\u00e3o eficiente para equipamentos<\/strong><span class=\"ez-toc-section-end\"><\/span><\/h2>\n\n\n\n<p>O <strong>fus\u00edvel de vidro el\u00e9trico<\/strong> atua como um sistema de seguran\u00e7a do circuito. Quando ocorre sobrecorrente, o componente interrompe imediatamente o fluxo el\u00e9trico.<\/p>\n\n\n\n<p>Isso protege equipamentos contra falhas graves, como:<\/p>\n\n\n\n<ul class=\"wp-block-list\">\n<li>Curto-circuitos<\/li>\n\n\n\n<li>Sobrecarga el\u00e9trica<\/li>\n\n\n\n<li>Danos em componentes eletr\u00f4nicos<\/li>\n<\/ul>\n\n\n\n<p>Outra vantagem do fus\u00edvel de vidro \u00e9 a inspe\u00e7\u00e3o visual r\u00e1pida. Como o corpo \u00e9 transparente, \u00e9 poss\u00edvel identificar facilmente quando o componente est\u00e1 queimado.<\/p>\n\n\n\n<p><strong>Essa caracter\u00edstica facilita a manuten\u00e7\u00e3o e reduz o tempo de parada dos equipamentos.<\/strong><\/p>\n\n\n\n<p>Por esse motivo, o fus\u00edvel de vidro \u00e9 amplamente utilizado em equipamentos eletr\u00f4nicos, sistemas industriais e fontes de alimenta\u00e7\u00e3o.<\/p>\n\n\n\n<h2 class=\"wp-block-heading\"><span class=\"ez-toc-section\" id=\"Onde_comprar_fusivel_de_vidro_na_zona_leste_de_SP\"><\/span><strong>Onde comprar fus\u00edvel de vidro na zona leste de SP<\/strong><span class=\"ez-toc-section-end\"><\/span><\/h2>\n\n\n\n<p>Empresas que buscam <strong>onde comprar fus\u00edveis de vidro com qualidade<\/strong> precisam contar com fabricantes especializados.<\/p>\n\n\n\n<p>Comprar diretamente de um <strong>fabricante de fus\u00edvel de vidro na zona leste de SP<\/strong> oferece vantagens importantes:<\/p>\n\n\n\n<ul class=\"wp-block-list\">\n<li>Produtos com padr\u00e3o de qualidade<\/li>\n\n\n\n<li>Atendimento t\u00e9cnico especializado<\/li>\n\n\n\n<li>Melhor custo-benef\u00edcio<\/li>\n\n\n\n<li>Agilidade no fornecimento<\/li>\n<\/ul>\n\n\n\n<p>Al\u00e9m disso, fornecedores locais conseguem atender demandas com mais rapidez, algo essencial para empresas que precisam manter estoques ou realizar manuten\u00e7\u00f5es frequentes.<\/p>\n\n\n\n<p>\u00c9 nesse cen\u00e1rio que a Fusicon se destaca no mercado.<\/p>\n\n\n\n<h2 class=\"wp-block-heading\"><span class=\"ez-toc-section\" id=\"Fusicon_fabricante_de_fusivel_de_vidro_com_estrutura_propria\"><\/span><strong>Fusicon: fabricante de fus\u00edvel de vidro com estrutura pr\u00f3pria<\/strong><span class=\"ez-toc-section-end\"><\/span><\/h2>\n\n\n\n<p>Fundada em 2009, a Fusicon tornou-se refer\u00eancia como <strong>fabricante de fus\u00edvel de vidro<\/strong> e componentes de baixa e m\u00e9dia tens\u00e3o.<\/p>\n\n\n\n<p>A empresa possui uma estrutura pr\u00f3pria de aproximadamente 500 m\u00b2, equipada com linha de produ\u00e7\u00e3o moderna e maquin\u00e1rio atualizado.<\/p>\n\n\n\n<p>Essa estrutura permite manter alto padr\u00e3o de fabrica\u00e7\u00e3o e controle de qualidade em todos os produtos.<\/p>\n\n\n\n<p>Outro diferencial importante \u00e9 o setor de ferramentaria pr\u00f3prio, respons\u00e1vel pela manuten\u00e7\u00e3o e desenvolvimento dos componentes utilizados na produ\u00e7\u00e3o.<\/p>\n\n\n\n<p><strong>Isso garante precis\u00e3o, padroniza\u00e7\u00e3o e confiabilidade nos fus\u00edveis fabricados.<\/strong><\/p>\n\n\n\n<p>A Fusicon tamb\u00e9m conta com uma equipe t\u00e9cnica experiente, com amplo conhecimento na fabrica\u00e7\u00e3o de fus\u00edveis e seus componentes.<\/p>\n\n\n\n<ul class=\"wp-block-list\">\n<li><a href=\"https:\/\/www.fusicon.com.br\/blog\/como-funciona-uma-base-fusivel-nh-no-sistema-eletrico\/\">Como funciona uma base fus\u00edvel NH no sistema el\u00e9trico<\/a><\/li>\n<\/ul>\n\n\n\n<h2 class=\"wp-block-heading\"><span class=\"ez-toc-section\" id=\"Especificacoes_dos_fusiveis_de_vidro_da_Fusicon\"><\/span><strong>Especifica\u00e7\u00f5es dos fus\u00edveis de vidro da Fusicon<\/strong><span class=\"ez-toc-section-end\"><\/span><\/h2>\n\n\n\n<p>Os <strong>fus\u00edveis de vidro da Fusicon<\/strong> s\u00e3o desenvolvidos para oferecer prote\u00e7\u00e3o segura contra curto-circuitos e sobrecorrentes.<\/p>\n\n\n\n<p>Os produtos atendem diferentes aplica\u00e7\u00f5es industriais e eletr\u00f4nicas.<\/p>\n\n\n\n<p>Principais caracter\u00edsticas:<\/p>\n\n\n\n<ul class=\"wp-block-list\">\n<li>Prote\u00e7\u00e3o contra curto-circuito<\/li>\n\n\n\n<li>Prote\u00e7\u00e3o contra sobrecorrente<\/li>\n\n\n\n<li>Modelos de a\u00e7\u00e3o r\u00e1pida ou retardada<\/li>\n<\/ul>\n\n\n\n<p>Especifica\u00e7\u00f5es t\u00e9cnicas:<\/p>\n\n\n\n<ul class=\"wp-block-list\">\n<li>Tamanhos: <strong>5&#215;20 e 6,3&#215;32<\/strong><\/li>\n\n\n\n<li>Correntes: <strong>0,100 a 30 AMP<\/strong><\/li>\n\n\n\n<li>Tens\u00e3o nominal: <strong>250V<\/strong><\/li>\n<\/ul>\n\n\n\n<p>Essa variedade permite atender diferentes necessidades de equipamentos e sistemas el\u00e9tricos.<\/p>\n\n\n\n<p><strong>Isso garante versatilidade e seguran\u00e7a em diversas aplica\u00e7\u00f5es.<\/strong><\/p>\n\n\n\n<h2 class=\"wp-block-heading\"><span class=\"ez-toc-section\" id=\"Atendimento_em_todo_o_Brasil\"><\/span><strong>Atendimento em todo o Brasil<\/strong><span class=\"ez-toc-section-end\"><\/span><\/h2>\n\n\n\n<p>Embora esteja localizada na zona leste de S\u00e3o Paulo, a Fusicon atende clientes em todo o pa\u00eds.<\/p>\n\n\n\n<p>A empresa conta com uma rede de representantes comerciais distribu\u00eddos em diversas regi\u00f5es do Brasil.<\/p>\n\n\n\n<p>Esse modelo de atendimento permite oferecer suporte comercial \u00e1gil e solu\u00e7\u00f5es personalizadas para empresas, distribuidores e ind\u00fastrias.<\/p>\n\n\n\n<p>A combina\u00e7\u00e3o de <strong>qualidade, atendimento e experi\u00eancia no setor<\/strong> tem feito a Fusicon conquistar cada vez mais espa\u00e7o no mercado de componentes el\u00e9tricos.<\/p>\n\n\n\n<h2 class=\"wp-block-heading\"><span class=\"ez-toc-section\" id=\"Fabricante_de_fusivel_de_vidro_com_foco_em_qualidade\"><\/span><strong>Fabricante de fus\u00edvel de vidro com foco em qualidade<\/strong><span class=\"ez-toc-section-end\"><\/span><\/h2>\n\n\n\n<p>Ao escolher um <strong>fabricante de fus\u00edvel de vidro<\/strong>, \u00e9 fundamental considerar a qualidade do produto, a experi\u00eancia da empresa e a confiabilidade do fornecimento.<\/p>\n\n\n\n<p>Esses fatores impactam diretamente na seguran\u00e7a dos equipamentos e no desempenho dos sistemas el\u00e9tricos.<\/p>\n\n\n\n<p>A Fusicon re\u00fane esses diferenciais: tradi\u00e7\u00e3o no mercado, estrutura produtiva pr\u00f3pria, equipe especializada e compromisso com solu\u00e7\u00f5es eficientes.<\/p>\n\n\n\n<p><strong>Por isso, \u00e9 uma das principais op\u00e7\u00f5es para quem procura fus\u00edvel de vidro na zona leste de S\u00e3o Paulo ou em qualquer regi\u00e3o do Brasil.<\/strong><\/p>\n\n\n\n<p>Precisa comprar <strong>fus\u00edveis de vidro com qualidade e seguran\u00e7a<\/strong>?<\/p>\n\n\n\n<p><strong>Entre em contato com a equipe da Fusicon e solicite um or\u00e7amento. A empresa oferece atendimento especializado e as melhores condi\u00e7\u00f5es para empresas e ind\u00fastrias.<\/strong><\/p>\n\n\n\n<ul class=\"wp-block-list\">\n<li><a href=\"https:\/\/www.fusicon.com.br\/blog\/fusivel-para-tp-onde-comprar-com-qualidade-direto-da-fabrica\/\">Fus\u00edvel para TP: onde comprar com qualidade direto da f\u00e1brica<br><\/a><\/li>\n<\/ul>\n","protected":false},"excerpt":{"rendered":"<p><span class=\"span-reading-time rt-reading-time\" style=\"display: block;\"><span class=\"rt-label rt-prefix\">Tempo de leitura: <\/span> <span class=\"rt-time\"> 4<\/span> <span class=\"rt-label rt-postfix\">minutos<\/span><\/span>Fabricante de fus\u00edvel de vidro na zona leste de SP. Conhe\u00e7a a Fusicon e solicite or\u00e7amento para fus\u00edveis de vidro com qualidade e seguran\u00e7a. Fabricante de fus\u00edvel de vidro \u00e9 o parceiro ideal para empresas, ind\u00fastrias e profissionais que precisam&#8230;<\/p>\n","protected":false},"author":1,"featured_media":159,"comment_status":"open","ping_status":"open","sticky":false,"template":"","format":"standard","meta":{"footnotes":""},"categories":[3],"tags":[887,1184,918,1186,174,178,158,162,1167,1171,166,1180,1172,170,1178,1165,1169,890,885,1183,886,1173,1185,1174,957,214,1166,1212,1204,1199,419,1196,226,1219,1213,1214,1207,1200,1209,1211,210,1197,1201,1198,1205,1203,198,194,1208,1220,1216,1218,1215,1210,1206,1217,1202,206,1194,1192,1191,1195,1193,956,1177,1168,1170,1176,218,190,1181,1190,222,1188,1164,186,1179,884,874,919,1175,1189,1182,1187,182],"class_list":["post-158","post","type-post","status-publish","format-standard","has-post-thumbnail","hentry","category-fusiveis","tag-3x32","tag-3x32-aplicacoes","tag-como-funciona-o-fusivel-de-vidro","tag-como-saber-se-fusivel-de-vidro-queimou-2","tag-distribuidor-de-fusivel-de-vidro","tag-distribuidora-de-fusivel-de-vidro","tag-empresa-de-fusivel-de-vidro","tag-fabrica-de-fusivel-de-vidro","tag-fabricante-de-fusiveis-eletricos-sp","tag-fabricante-de-fusiveis-zona-leste","tag-fabricante-de-fusivel-de-vidro","tag-fabricante-de-fusivel-de-vidro-na-zona-leste","tag-fornecedor-de-fusiveis-de-vidro-sp","tag-fornecedor-de-fusivel-de-vidro","tag-fusicon-fabricante-de-fusiveis","tag-fusiveis-de-vidro-industriais","tag-fusiveis-de-vidro-para-protecao-eletrica","tag-fusivel-de-vidro-250v","tag-fusivel-de-vidro-5x20","tag-fusivel-de-vidro-5x20-para-que-serve","tag-fusivel-de-vidro-6","tag-fusivel-de-vidro-acao-rapida","tag-fusivel-de-vidro-acao-rapida-ou-retardada-qual-escolher","tag-fusivel-de-vidro-acao-retardada","tag-fusivel-de-vidro-comprar","tag-fusivel-de-vidro-direto-da-fabrica","tag-fusivel-de-vidro-eletrico","tag-fusivel-de-vidro-em-artur-alvim","tag-fusivel-de-vidro-em-cidade-tiradentes","tag-fusivel-de-vidro-em-diadema","tag-fusivel-de-vidro-em-guaianases","tag-fusivel-de-vidro-em-guarulhos","tag-fusivel-de-vidro-em-itaquera","tag-fusivel-de-vidro-em-jardim-analia-franco","tag-fusivel-de-vidro-em-jardim-helena","tag-fusivel-de-vidro-em-jardim-robu","tag-fusivel-de-vidro-em-mooca","tag-fusivel-de-vidro-em-osasco","tag-fusivel-de-vidro-em-penha","tag-fusivel-de-vidro-em-ponte-rasa","tag-fusivel-de-vidro-em-promocao","tag-fusivel-de-vidro-em-santo-andre","tag-fusivel-de-vidro-em-sao-bernardo","tag-fusivel-de-vidro-em-sao-caetano","tag-fusivel-de-vidro-em-sao-mateus","tag-fusivel-de-vidro-em-sao-miguel-paulista","tag-fusivel-de-vidro-em-sao-paulo","tag-fusivel-de-vidro-em-sp","tag-fusivel-de-vidro-em-tatuape","tag-fusivel-de-vidro-em-vila-alpina","tag-fusivel-de-vidro-em-vila-carrao","tag-fusivel-de-vidro-em-vila-esperanca","tag-fusivel-de-vidro-em-vila-formosa","tag-fusivel-de-vidro-em-vila-matilde","tag-fusivel-de-vidro-em-vila-prudente","tag-fusivel-de-vidro-em-vila-re","tag-fusivel-de-vidro-na-baixada-santista","tag-fusivel-de-vidro-na-zona-leste","tag-fusivel-de-vidro-na-zona-norte","tag-fusivel-de-vidro-na-zona-oeste","tag-fusivel-de-vidro-na-zona-sul","tag-fusivel-de-vidro-no-abc","tag-fusivel-de-vidro-no-centro","tag-fusivel-de-vidro-onde-encontrar","tag-fusivel-de-vidro-para-curto-circuito","tag-fusivel-de-vidro-para-equipamentos-eletronicos","tag-fusivel-de-vidro-para-industria","tag-fusivel-de-vidro-para-sobrecorrente","tag-fusivel-de-vidro-perto-de-mim","tag-fusivel-de-vidro-preco","tag-fusivel-de-vidro-protege-contra-curto-circuito","tag-fusivel-de-vidro-protege-equipamentos-eletronicos","tag-fusivel-de-vidro-proximo-a-mim","tag-fusivel-de-vidro-suporta-quantos-amperes","tag-fusivel-de-vidro-zona-leste-sp","tag-loja-de-fusivel-de-vidro","tag-o-que-e-fusivel-de-vidro","tag-onde-comprar-fusivel-de-vidro","tag-onde-comprar-fusivel-de-vidro-em-sp","tag-para-que-serve-fusivel-de-vidro","tag-protecao-eletrica-com-fusivel-de-vidro","tag-qual-a-funcao-do-fusivel-eletrico","tag-qual-fusivel-de-vidro-usar-em-equipamentos","tag-quando-trocar-fusivel-de-vidro","tag-revendedor-de-fusivel-de-vidro"],"yoast_head":"<!-- This site is optimized with the Yoast SEO plugin v20.13 - https:\/\/yoast.com\/wordpress\/plugins\/seo\/ -->\n<title>Fabricante de fus\u00edvel de vidro na zona leste: escolha a Fusicon - Fusicon<\/title>\n<meta name=\"description\" content=\"Fabricante de fus\u00edvel de vidro na zona leste de SP. Conhe\u00e7a a Fusicon e solicite or\u00e7amento para fus\u00edveis de vidro com qualidade e seguran\u00e7a.\" \/>\n<meta name=\"robots\" content=\"index, follow, max-snippet:-1, max-image-preview:large, max-video-preview:-1\" \/>\n<link rel=\"canonical\" href=\"https:\/\/www.fusicon.com.br\/blog\/fabricante-de-fusivel-de-vidro-na-zona-leste-escolha-a-fusicon\/\" \/>\n<meta property=\"og:locale\" content=\"pt_BR\" \/>\n<meta property=\"og:type\" content=\"article\" \/>\n<meta property=\"og:title\" content=\"Fabricante de fus\u00edvel de vidro na zona leste: escolha a Fusicon - Fusicon\" \/>\n<meta property=\"og:description\" content=\"Fabricante de fus\u00edvel de vidro na zona leste de SP. Conhe\u00e7a a Fusicon e solicite or\u00e7amento para fus\u00edveis de vidro com qualidade e seguran\u00e7a.\" \/>\n<meta property=\"og:url\" content=\"https:\/\/www.fusicon.com.br\/blog\/fabricante-de-fusivel-de-vidro-na-zona-leste-escolha-a-fusicon\/\" \/>\n<meta property=\"og:site_name\" content=\"Fusicon\" \/>\n<meta property=\"article:published_time\" content=\"2026-03-06T13:16:15+00:00\" \/>\n<meta property=\"article:modified_time\" content=\"2026-03-06T13:17:05+00:00\" \/>\n<meta property=\"og:image\" content=\"https:\/\/www.fusicon.com.br\/blog\/wp-content\/uploads\/2026\/03\/7-1-1.jpg\" \/>\n\t<meta property=\"og:image:width\" content=\"225\" \/>\n\t<meta property=\"og:image:height\" content=\"270\" \/>\n\t<meta property=\"og:image:type\" content=\"image\/jpeg\" \/>\n<meta name=\"author\" content=\"admin\" \/>\n<meta name=\"twitter:card\" content=\"summary_large_image\" \/>\n<meta name=\"twitter:label1\" content=\"Escrito por\" \/>\n\t<meta name=\"twitter:data1\" content=\"admin\" \/>\n\t<meta name=\"twitter:label2\" content=\"Est. tempo de leitura\" \/>\n\t<meta name=\"twitter:data2\" content=\"5 minutos\" \/>\n<script type=\"application\/ld+json\" class=\"yoast-schema-graph\">{\"@context\":\"https:\/\/schema.org\",\"@graph\":[{\"@type\":\"Article\",\"@id\":\"https:\/\/www.fusicon.com.br\/blog\/fabricante-de-fusivel-de-vidro-na-zona-leste-escolha-a-fusicon\/#article\",\"isPartOf\":{\"@id\":\"https:\/\/www.fusicon.com.br\/blog\/fabricante-de-fusivel-de-vidro-na-zona-leste-escolha-a-fusicon\/\"},\"author\":{\"name\":\"admin\",\"@id\":\"https:\/\/www.fusicon.com.br\/blog\/#\/schema\/person\/835a299eb10f7c4d694e32acd355a1f4\"},\"headline\":\"Fabricante de fus\u00edvel de vidro na zona leste: escolha a Fusicon\",\"datePublished\":\"2026-03-06T13:16:15+00:00\",\"dateModified\":\"2026-03-06T13:17:05+00:00\",\"mainEntityOfPage\":{\"@id\":\"https:\/\/www.fusicon.com.br\/blog\/fabricante-de-fusivel-de-vidro-na-zona-leste-escolha-a-fusicon\/\"},\"wordCount\":970,\"commentCount\":0,\"publisher\":{\"@id\":\"https:\/\/www.fusicon.com.br\/blog\/#organization\"},\"keywords\":[\"3x32\",\"3x32 aplica\u00e7\u00f5es\",\"como funciona o fus\u00edvel de vidro\",\"como saber se fus\u00edvel de vidro queimou\",\"distribuidor de fus\u00edvel de vidro\",\"distribuidora de fus\u00edvel de vidro\",\"empresa de fus\u00edvel de vidro\",\"f\u00e1brica de fus\u00edvel de vidro\",\"fabricante de fus\u00edveis el\u00e9tricos sp\",\"fabricante de fus\u00edveis zona leste\",\"fabricante de fus\u00edvel de vidro\",\"fabricante de fus\u00edvel de vidro na zona leste\",\"fornecedor de fus\u00edveis de vidro sp\",\"fornecedor de fus\u00edvel de vidro\",\"fusicon fabricante de fus\u00edveis\",\"fus\u00edveis de vidro industriais\",\"fus\u00edveis de vidro para prote\u00e7\u00e3o el\u00e9trica\",\"fus\u00edvel de vidro 250v\",\"fus\u00edvel de vidro 5x20\",\"fus\u00edvel de vidro 5x20 para que serve\",\"fus\u00edvel de vidro 6\",\"fus\u00edvel de vidro a\u00e7\u00e3o r\u00e1pida\",\"fus\u00edvel de vidro a\u00e7\u00e3o r\u00e1pida ou retardada qual escolher\",\"fus\u00edvel de vidro a\u00e7\u00e3o retardada\",\"fus\u00edvel de vidro comprar\",\"fus\u00edvel de vidro direto da fabrica\",\"fus\u00edvel de vidro el\u00e9trico\",\"fus\u00edvel de vidro em artur alvim\",\"fus\u00edvel de vidro em cidade tiradentes\",\"fus\u00edvel de vidro em diadema\",\"fus\u00edvel de vidro em Guaianases\",\"fus\u00edvel de vidro em guarulhos\",\"fus\u00edvel de vidro em itaquera\",\"fus\u00edvel de vidro em jardim an\u00e1lia franco\",\"fus\u00edvel de vidro em jardim helena\",\"fus\u00edvel de vidro em jardim robu\",\"fus\u00edvel de vidro em mooca\",\"fus\u00edvel de vidro em osasco\",\"fus\u00edvel de vidro em penha\",\"fus\u00edvel de vidro em ponte rasa\",\"fus\u00edvel de vidro em promo\u00e7\u00e3o\",\"fus\u00edvel de vidro em santo andr\u00e9\",\"fus\u00edvel de vidro em s\u00e3o bernardo\",\"fus\u00edvel de vidro em s\u00e3o caetano\",\"fus\u00edvel de vidro em s\u00e3o mateus\",\"fus\u00edvel de vidro em s\u00e3o miguel paulista\",\"fus\u00edvel de vidro em s\u00e3o paulo\",\"fus\u00edvel de vidro em sp\",\"fus\u00edvel de vidro em tatuap\u00e9\",\"fus\u00edvel de vidro em vila alpina\",\"fus\u00edvel de vidro em vila carr\u00e3o\",\"fus\u00edvel de vidro em vila esperan\u00e7a\",\"fus\u00edvel de vidro em vila formosa\",\"fus\u00edvel de vidro em vila matilde\",\"fus\u00edvel de vidro em vila prudente\",\"fus\u00edvel de vidro em vila r\u00e9\",\"fus\u00edvel de vidro na baixada santista\",\"fus\u00edvel de vidro na zona leste\",\"fus\u00edvel de vidro na zona norte\",\"fus\u00edvel de vidro na zona oeste\",\"fus\u00edvel de vidro na zona sul\",\"fus\u00edvel de vidro no abc\",\"fus\u00edvel de vidro no centro\",\"fus\u00edvel de vidro onde encontrar\",\"fus\u00edvel de vidro para curto circuito\",\"fus\u00edvel de vidro para equipamentos eletr\u00f4nicos\",\"fus\u00edvel de vidro para ind\u00fastria\",\"fus\u00edvel de vidro para sobrecorrente\",\"fus\u00edvel de vidro perto de mim\",\"fus\u00edvel de vidro pre\u00e7o\",\"fus\u00edvel de vidro protege contra curto circuito\",\"fus\u00edvel de vidro protege equipamentos eletr\u00f4nicos\",\"fus\u00edvel de vidro pr\u00f3ximo a mim\",\"fus\u00edvel de vidro suporta quantos amp\u00e8res\",\"fus\u00edvel de vidro zona leste sp\",\"loja de fus\u00edvel de vidro\",\"o que \u00e9 fus\u00edvel de vidro\",\"onde comprar fus\u00edvel de vidro\",\"onde comprar fus\u00edvel de vidro em sp\",\"para que serve fus\u00edvel de vidro\",\"prote\u00e7\u00e3o el\u00e9trica com fus\u00edvel de vidro\",\"qual a fun\u00e7\u00e3o do fus\u00edvel el\u00e9trico\",\"qual fus\u00edvel de vidro usar em equipamentos\",\"quando trocar fus\u00edvel de vidro\",\"revendedor de fus\u00edvel de vidro\"],\"articleSection\":[\"Fus\u00edveis\"],\"inLanguage\":\"pt-BR\",\"potentialAction\":[{\"@type\":\"CommentAction\",\"name\":\"Comment\",\"target\":[\"https:\/\/www.fusicon.com.br\/blog\/fabricante-de-fusivel-de-vidro-na-zona-leste-escolha-a-fusicon\/#respond\"]}]},{\"@type\":\"WebPage\",\"@id\":\"https:\/\/www.fusicon.com.br\/blog\/fabricante-de-fusivel-de-vidro-na-zona-leste-escolha-a-fusicon\/\",\"url\":\"https:\/\/www.fusicon.com.br\/blog\/fabricante-de-fusivel-de-vidro-na-zona-leste-escolha-a-fusicon\/\",\"name\":\"Fabricante de fus\u00edvel de vidro na zona leste: escolha a Fusicon - Fusicon\",\"isPartOf\":{\"@id\":\"https:\/\/www.fusicon.com.br\/blog\/#website\"},\"datePublished\":\"2026-03-06T13:16:15+00:00\",\"dateModified\":\"2026-03-06T13:17:05+00:00\",\"description\":\"Fabricante de fus\u00edvel de vidro na zona leste de SP. Conhe\u00e7a a Fusicon e solicite or\u00e7amento para fus\u00edveis de vidro com qualidade e seguran\u00e7a.\",\"breadcrumb\":{\"@id\":\"https:\/\/www.fusicon.com.br\/blog\/fabricante-de-fusivel-de-vidro-na-zona-leste-escolha-a-fusicon\/#breadcrumb\"},\"inLanguage\":\"pt-BR\",\"potentialAction\":[{\"@type\":\"ReadAction\",\"target\":[\"https:\/\/www.fusicon.com.br\/blog\/fabricante-de-fusivel-de-vidro-na-zona-leste-escolha-a-fusicon\/\"]}]},{\"@type\":\"BreadcrumbList\",\"@id\":\"https:\/\/www.fusicon.com.br\/blog\/fabricante-de-fusivel-de-vidro-na-zona-leste-escolha-a-fusicon\/#breadcrumb\",\"itemListElement\":[{\"@type\":\"ListItem\",\"position\":1,\"name\":\"In\u00edcio\",\"item\":\"https:\/\/www.fusicon.com.br\/blog\/\"},{\"@type\":\"ListItem\",\"position\":2,\"name\":\"Fabricante de fus\u00edvel de vidro na zona leste: escolha a Fusicon\"}]},{\"@type\":\"WebSite\",\"@id\":\"https:\/\/www.fusicon.com.br\/blog\/#website\",\"url\":\"https:\/\/www.fusicon.com.br\/blog\/\",\"name\":\"Fusicon\",\"description\":\"\",\"publisher\":{\"@id\":\"https:\/\/www.fusicon.com.br\/blog\/#organization\"},\"potentialAction\":[{\"@type\":\"SearchAction\",\"target\":{\"@type\":\"EntryPoint\",\"urlTemplate\":\"https:\/\/www.fusicon.com.br\/blog\/?s={search_term_string}\"},\"query-input\":\"required name=search_term_string\"}],\"inLanguage\":\"pt-BR\"},{\"@type\":\"Organization\",\"@id\":\"https:\/\/www.fusicon.com.br\/blog\/#organization\",\"name\":\"Fusicon\",\"url\":\"https:\/\/www.fusicon.com.br\/blog\/\",\"logo\":{\"@type\":\"ImageObject\",\"inLanguage\":\"pt-BR\",\"@id\":\"https:\/\/www.fusicon.com.br\/blog\/#\/schema\/logo\/image\/\",\"url\":\"https:\/\/www.fusicon.com.br\/blog\/wp-content\/uploads\/2023\/08\/cropped-logo-fusicon.png\",\"contentUrl\":\"https:\/\/www.fusicon.com.br\/blog\/wp-content\/uploads\/2023\/08\/cropped-logo-fusicon.png\",\"width\":249,\"height\":58,\"caption\":\"Fusicon\"},\"image\":{\"@id\":\"https:\/\/www.fusicon.com.br\/blog\/#\/schema\/logo\/image\/\"}},{\"@type\":\"Person\",\"@id\":\"https:\/\/www.fusicon.com.br\/blog\/#\/schema\/person\/835a299eb10f7c4d694e32acd355a1f4\",\"name\":\"admin\",\"image\":{\"@type\":\"ImageObject\",\"inLanguage\":\"pt-BR\",\"@id\":\"https:\/\/www.fusicon.com.br\/blog\/#\/schema\/person\/image\/\",\"url\":\"https:\/\/secure.gravatar.com\/avatar\/3813f53848958b8842eeafda91666185a90010f65ed554379b78794cde6f234a?s=96&d=mm&r=g\",\"contentUrl\":\"https:\/\/secure.gravatar.com\/avatar\/3813f53848958b8842eeafda91666185a90010f65ed554379b78794cde6f234a?s=96&d=mm&r=g\",\"caption\":\"admin\"},\"sameAs\":[\"https:\/\/www.fusicon.com.br\/blog\"],\"url\":\"https:\/\/www.fusicon.com.br\/blog\/author\/admin\/\"}]}<\/script>\n<!-- \/ Yoast SEO plugin. -->","yoast_head_json":{"title":"Fabricante de fus\u00edvel de vidro na zona leste: escolha a Fusicon - Fusicon","description":"Fabricante de fus\u00edvel de vidro na zona leste de SP. Conhe\u00e7a a Fusicon e solicite or\u00e7amento para fus\u00edveis de vidro com qualidade e seguran\u00e7a.","robots":{"index":"index","follow":"follow","max-snippet":"max-snippet:-1","max-image-preview":"max-image-preview:large","max-video-preview":"max-video-preview:-1"},"canonical":"https:\/\/www.fusicon.com.br\/blog\/fabricante-de-fusivel-de-vidro-na-zona-leste-escolha-a-fusicon\/","og_locale":"pt_BR","og_type":"article","og_title":"Fabricante de fus\u00edvel de vidro na zona leste: escolha a Fusicon - Fusicon","og_description":"Fabricante de fus\u00edvel de vidro na zona leste de SP. Conhe\u00e7a a Fusicon e solicite or\u00e7amento para fus\u00edveis de vidro com qualidade e seguran\u00e7a.","og_url":"https:\/\/www.fusicon.com.br\/blog\/fabricante-de-fusivel-de-vidro-na-zona-leste-escolha-a-fusicon\/","og_site_name":"Fusicon","article_published_time":"2026-03-06T13:16:15+00:00","article_modified_time":"2026-03-06T13:17:05+00:00","og_image":[{"width":225,"height":270,"url":"https:\/\/www.fusicon.com.br\/blog\/wp-content\/uploads\/2026\/03\/7-1-1.jpg","type":"image\/jpeg"}],"author":"admin","twitter_card":"summary_large_image","twitter_misc":{"Escrito por":"admin","Est. tempo de leitura":"5 minutos"},"schema":{"@context":"https:\/\/schema.org","@graph":[{"@type":"Article","@id":"https:\/\/www.fusicon.com.br\/blog\/fabricante-de-fusivel-de-vidro-na-zona-leste-escolha-a-fusicon\/#article","isPartOf":{"@id":"https:\/\/www.fusicon.com.br\/blog\/fabricante-de-fusivel-de-vidro-na-zona-leste-escolha-a-fusicon\/"},"author":{"name":"admin","@id":"https:\/\/www.fusicon.com.br\/blog\/#\/schema\/person\/835a299eb10f7c4d694e32acd355a1f4"},"headline":"Fabricante de fus\u00edvel de vidro na zona leste: escolha a Fusicon","datePublished":"2026-03-06T13:16:15+00:00","dateModified":"2026-03-06T13:17:05+00:00","mainEntityOfPage":{"@id":"https:\/\/www.fusicon.com.br\/blog\/fabricante-de-fusivel-de-vidro-na-zona-leste-escolha-a-fusicon\/"},"wordCount":970,"commentCount":0,"publisher":{"@id":"https:\/\/www.fusicon.com.br\/blog\/#organization"},"keywords":["3x32","3x32 aplica\u00e7\u00f5es","como funciona o fus\u00edvel de vidro","como saber se fus\u00edvel de vidro queimou","distribuidor de fus\u00edvel de vidro","distribuidora de fus\u00edvel de vidro","empresa de fus\u00edvel de vidro","f\u00e1brica de fus\u00edvel de vidro","fabricante de fus\u00edveis el\u00e9tricos sp","fabricante de fus\u00edveis zona leste","fabricante de fus\u00edvel de vidro","fabricante de fus\u00edvel de vidro na zona leste","fornecedor de fus\u00edveis de vidro sp","fornecedor de fus\u00edvel de vidro","fusicon fabricante de fus\u00edveis","fus\u00edveis de vidro industriais","fus\u00edveis de vidro para prote\u00e7\u00e3o el\u00e9trica","fus\u00edvel de vidro 250v","fus\u00edvel de vidro 5x20","fus\u00edvel de vidro 5x20 para que serve","fus\u00edvel de vidro 6","fus\u00edvel de vidro a\u00e7\u00e3o r\u00e1pida","fus\u00edvel de vidro a\u00e7\u00e3o r\u00e1pida ou retardada qual escolher","fus\u00edvel de vidro a\u00e7\u00e3o retardada","fus\u00edvel de vidro comprar","fus\u00edvel de vidro direto da fabrica","fus\u00edvel de vidro el\u00e9trico","fus\u00edvel de vidro em artur alvim","fus\u00edvel de vidro em cidade tiradentes","fus\u00edvel de vidro em diadema","fus\u00edvel de vidro em Guaianases","fus\u00edvel de vidro em guarulhos","fus\u00edvel de vidro em itaquera","fus\u00edvel de vidro em jardim an\u00e1lia franco","fus\u00edvel de vidro em jardim helena","fus\u00edvel de vidro em jardim robu","fus\u00edvel de vidro em mooca","fus\u00edvel de vidro em osasco","fus\u00edvel de vidro em penha","fus\u00edvel de vidro em ponte rasa","fus\u00edvel de vidro em promo\u00e7\u00e3o","fus\u00edvel de vidro em santo andr\u00e9","fus\u00edvel de vidro em s\u00e3o bernardo","fus\u00edvel de vidro em s\u00e3o caetano","fus\u00edvel de vidro em s\u00e3o mateus","fus\u00edvel de vidro em s\u00e3o miguel paulista","fus\u00edvel de vidro em s\u00e3o paulo","fus\u00edvel de vidro em sp","fus\u00edvel de vidro em tatuap\u00e9","fus\u00edvel de vidro em vila alpina","fus\u00edvel de vidro em vila carr\u00e3o","fus\u00edvel de vidro em vila esperan\u00e7a","fus\u00edvel de vidro em vila formosa","fus\u00edvel de vidro em vila matilde","fus\u00edvel de vidro em vila prudente","fus\u00edvel de vidro em vila r\u00e9","fus\u00edvel de vidro na baixada santista","fus\u00edvel de vidro na zona leste","fus\u00edvel de vidro na zona norte","fus\u00edvel de vidro na zona oeste","fus\u00edvel de vidro na zona sul","fus\u00edvel de vidro no abc","fus\u00edvel de vidro no centro","fus\u00edvel de vidro onde encontrar","fus\u00edvel de vidro para curto circuito","fus\u00edvel de vidro para equipamentos eletr\u00f4nicos","fus\u00edvel de vidro para ind\u00fastria","fus\u00edvel de vidro para sobrecorrente","fus\u00edvel de vidro perto de mim","fus\u00edvel de vidro pre\u00e7o","fus\u00edvel de vidro protege contra curto circuito","fus\u00edvel de vidro protege equipamentos eletr\u00f4nicos","fus\u00edvel de vidro pr\u00f3ximo a mim","fus\u00edvel de vidro suporta quantos amp\u00e8res","fus\u00edvel de vidro zona leste sp","loja de fus\u00edvel de vidro","o que \u00e9 fus\u00edvel de vidro","onde comprar fus\u00edvel de vidro","onde comprar fus\u00edvel de vidro em sp","para que serve fus\u00edvel de vidro","prote\u00e7\u00e3o el\u00e9trica com fus\u00edvel de vidro","qual a fun\u00e7\u00e3o do fus\u00edvel el\u00e9trico","qual fus\u00edvel de vidro usar em equipamentos","quando trocar fus\u00edvel de vidro","revendedor de fus\u00edvel de vidro"],"articleSection":["Fus\u00edveis"],"inLanguage":"pt-BR","potentialAction":[{"@type":"CommentAction","name":"Comment","target":["https:\/\/www.fusicon.com.br\/blog\/fabricante-de-fusivel-de-vidro-na-zona-leste-escolha-a-fusicon\/#respond"]}]},{"@type":"WebPage","@id":"https:\/\/www.fusicon.com.br\/blog\/fabricante-de-fusivel-de-vidro-na-zona-leste-escolha-a-fusicon\/","url":"https:\/\/www.fusicon.com.br\/blog\/fabricante-de-fusivel-de-vidro-na-zona-leste-escolha-a-fusicon\/","name":"Fabricante de fus\u00edvel de vidro na zona leste: escolha a Fusicon - Fusicon","isPartOf":{"@id":"https:\/\/www.fusicon.com.br\/blog\/#website"},"datePublished":"2026-03-06T13:16:15+00:00","dateModified":"2026-03-06T13:17:05+00:00","description":"Fabricante de fus\u00edvel de vidro na zona leste de SP. Conhe\u00e7a a Fusicon e solicite or\u00e7amento para fus\u00edveis de vidro com qualidade e seguran\u00e7a.","breadcrumb":{"@id":"https:\/\/www.fusicon.com.br\/blog\/fabricante-de-fusivel-de-vidro-na-zona-leste-escolha-a-fusicon\/#breadcrumb"},"inLanguage":"pt-BR","potentialAction":[{"@type":"ReadAction","target":["https:\/\/www.fusicon.com.br\/blog\/fabricante-de-fusivel-de-vidro-na-zona-leste-escolha-a-fusicon\/"]}]},{"@type":"BreadcrumbList","@id":"https:\/\/www.fusicon.com.br\/blog\/fabricante-de-fusivel-de-vidro-na-zona-leste-escolha-a-fusicon\/#breadcrumb","itemListElement":[{"@type":"ListItem","position":1,"name":"In\u00edcio","item":"https:\/\/www.fusicon.com.br\/blog\/"},{"@type":"ListItem","position":2,"name":"Fabricante de fus\u00edvel de vidro na zona leste: escolha a Fusicon"}]},{"@type":"WebSite","@id":"https:\/\/www.fusicon.com.br\/blog\/#website","url":"https:\/\/www.fusicon.com.br\/blog\/","name":"Fusicon","description":"","publisher":{"@id":"https:\/\/www.fusicon.com.br\/blog\/#organization"},"potentialAction":[{"@type":"SearchAction","target":{"@type":"EntryPoint","urlTemplate":"https:\/\/www.fusicon.com.br\/blog\/?s={search_term_string}"},"query-input":"required name=search_term_string"}],"inLanguage":"pt-BR"},{"@type":"Organization","@id":"https:\/\/www.fusicon.com.br\/blog\/#organization","name":"Fusicon","url":"https:\/\/www.fusicon.com.br\/blog\/","logo":{"@type":"ImageObject","inLanguage":"pt-BR","@id":"https:\/\/www.fusicon.com.br\/blog\/#\/schema\/logo\/image\/","url":"https:\/\/www.fusicon.com.br\/blog\/wp-content\/uploads\/2023\/08\/cropped-logo-fusicon.png","contentUrl":"https:\/\/www.fusicon.com.br\/blog\/wp-content\/uploads\/2023\/08\/cropped-logo-fusicon.png","width":249,"height":58,"caption":"Fusicon"},"image":{"@id":"https:\/\/www.fusicon.com.br\/blog\/#\/schema\/logo\/image\/"}},{"@type":"Person","@id":"https:\/\/www.fusicon.com.br\/blog\/#\/schema\/person\/835a299eb10f7c4d694e32acd355a1f4","name":"admin","image":{"@type":"ImageObject","inLanguage":"pt-BR","@id":"https:\/\/www.fusicon.com.br\/blog\/#\/schema\/person\/image\/","url":"https:\/\/secure.gravatar.com\/avatar\/3813f53848958b8842eeafda91666185a90010f65ed554379b78794cde6f234a?s=96&d=mm&r=g","contentUrl":"https:\/\/secure.gravatar.com\/avatar\/3813f53848958b8842eeafda91666185a90010f65ed554379b78794cde6f234a?s=96&d=mm&r=g","caption":"admin"},"sameAs":["https:\/\/www.fusicon.com.br\/blog"],"url":"https:\/\/www.fusicon.com.br\/blog\/author\/admin\/"}]}},"_links":{"self":[{"href":"https:\/\/www.fusicon.com.br\/blog\/wp-json\/wp\/v2\/posts\/158","targetHints":{"allow":["GET"]}}],"collection":[{"href":"https:\/\/www.fusicon.com.br\/blog\/wp-json\/wp\/v2\/posts"}],"about":[{"href":"https:\/\/www.fusicon.com.br\/blog\/wp-json\/wp\/v2\/types\/post"}],"author":[{"embeddable":true,"href":"https:\/\/www.fusicon.com.br\/blog\/wp-json\/wp\/v2\/users\/1"}],"replies":[{"embeddable":true,"href":"https:\/\/www.fusicon.com.br\/blog\/wp-json\/wp\/v2\/comments?post=158"}],"version-history":[{"count":1,"href":"https:\/\/www.fusicon.com.br\/blog\/wp-json\/wp\/v2\/posts\/158\/revisions"}],"predecessor-version":[{"id":160,"href":"https:\/\/www.fusicon.com.br\/blog\/wp-json\/wp\/v2\/posts\/158\/revisions\/160"}],"wp:featuredmedia":[{"embeddable":true,"href":"https:\/\/www.fusicon.com.br\/blog\/wp-json\/wp\/v2\/media\/159"}],"wp:attachment":[{"href":"https:\/\/www.fusicon.com.br\/blog\/wp-json\/wp\/v2\/media?parent=158"}],"wp:term":[{"taxonomy":"category","embeddable":true,"href":"https:\/\/www.fusicon.com.br\/blog\/wp-json\/wp\/v2\/categories?post=158"},{"taxonomy":"post_tag","embeddable":true,"href":"https:\/\/www.fusicon.com.br\/blog\/wp-json\/wp\/v2\/tags?post=158"}],"curies":[{"name":"wp","href":"https:\/\/api.w.org\/{rel}","templated":true}]}}